{"id":261,"date":"2018-06-08T18:57:00","date_gmt":"2018-06-08T18:57:00","guid":{"rendered":"http:\/\/thewriter.themes.tvda.pw\/?p=57"},"modified":"2020-04-29T10:03:23","modified_gmt":"2020-04-29T10:03:23","slug":"benden-guclu","status":"publish","type":"post","link":"https:\/\/www.melisgolar.com\/en\/benden-guclu\/","title":{"rendered":"Stronger Than I Am"},"content":{"rendered":"\n<figure class=\"wp-block-image size-large\"><img loading=\"lazy\" decoding=\"async\" width=\"1680\" height=\"1119\" src=\"https:\/\/www.melisgolar.com\/wp-content\/uploads\/2020\/04\/243a9420-e1534888989520.jpg\" alt=\"\" class=\"wp-image-574\" srcset=\"https:\/\/www.melisgolar.com\/wp-content\/uploads\/2020\/04\/243a9420-e1534888989520.jpg 1680w, https:\/\/www.melisgolar.com\/wp-content\/uploads\/2020\/04\/243a9420-e1534888989520-768x512.jpg 768w, https:\/\/www.melisgolar.com\/wp-content\/uploads\/2020\/04\/243a9420-e1534888989520-1536x1023.jpg 1536w, https:\/\/www.melisgolar.com\/wp-content\/uploads\/2020\/04\/243a9420-e1534888989520-510x340.jpg 510w, https:\/\/www.melisgolar.com\/wp-content\/uploads\/2020\/04\/243a9420-e1534888989520-900x600.jpg 900w\" sizes=\"auto, (max-width: 1680px) 100vw, 1680px\" \/><\/figure>\n\n\n<p><em>Havva Altun \/ Ozan Bilginer \/ Asl\u0131 I\u015f\u0131ksal \/ Funda Susamo\u011flu \/ Seval \u015eener<\/em><\/p>\n<p><em>08.06.2018 \u2013 09.07.2018<\/em><\/p>\n<p><em>Galeri Siyah Beyaz<\/em><\/p>\n<p><\/p>\n<p><!--more--><\/p>\n<p><strong><span style=\"color: #000000;\">MEL\u0130S GOLAR :<\/span><\/strong> Despite the fact that each artist has different production motivations, practices, and ways of handling the subject, the ambivalent state that \u2018Stronger Than I am\u2019 \u2018s concept constituted by each artist was the element that grabbed my attention at most. Could you mention a bit about the starting point of this concept? I am curious about what has been talked between the group during this process.<\/p>\n<p><strong>BENDEN G\u00dc\u00c7L\u00dc :<\/strong> Rather than a concept, \u2018Stronger Than I am\u2019 was a keynote title that grabbed us quickly and united us together in a incomprehensible way. Our different characteristics of production opened up a great dialogue to understand each other and to analyze the problem. The visible state may be the result of the ties that we have each established with the term \u2018Stronger Than I am\u2019. The first time we confronted the expression of \u2018Stronger Than I am\u2019 was via the documentary \u2018Sociology is a Martial Art\u2019 of Pierre Bourdieu. In the documentary, Bourdieu expresses that he could not change his 80-year-old mother through this phrase. In order for us to keep ourselves in the axis of art, the meetings we had for almost every week were longing and we have come across with this phrase. In these meetings we were talking about everything; from contemporary art market to being an academic artist, from country\u2019s agenda to our individual artistic views, from being a civil servant to being a citizen. This phrase, which seems so obvious that we will not even need to look at the dictionary, in a way that contradicts that what it means for each of us had to be discussed for a long time. There were some points that came out of this: nature, a form of absurdity, instinct, unconsciousness, and perceiving \u2018Stronger Than I am\u2019 as a state. The difficulty was the phrase which did not make an artistic visual connotation and linking with our own artistic practices because we began to think that we can now make an exhibition under this title. This part was a tough one. We wanted to make an exhibition together and keep our own specific art forms. Designing \u2018Stranger Than I am\u2019 as a group exhibition has become a substantial topic for all of us. In short, while gathering under the title of \u2018Stronger Than I am\u2019, we consider not only our representations but also the representation that will emerge in total. Throughout this process, we have witnessed the way in which each of us associated with \u2018Stronger Than I am\u2019 first on an intellectual then on an operational level.<\/p>\n<p><strong>MEL\u0130S GOLAR :<\/strong> The group you formed as a result of a mutual state of mind, was embodied around a relative representation of power in the exhibition \u2018Stronger Than I am\u2019. Did \u2018Stronger Than I am\u2019 examine the power balance between the artist and his\/her artistic production?<\/p>\n<p><strong>BENDEN G\u00dc\u00c7L\u00dc :<\/strong> In fact, we often talk about art production\u2019s compelling and non necessarily entertaining nature. There is a rhythm that is not in fitting in the cause and effect relation of everyday life, it is both attractive and challenging. Production is a strong feeling, however it is often due to the desperation or the inability to cope\u2026 It is definitely possible to talk about a power balance over the artist and his\/her artistic production. The image is like an imposition to the artist, but she\/he has the power to place it in a solution, or is the one who has to catch up the power by finding ways to make it legible. Either the image or the artist\u2019s words predominate so that both the work will stop being a mysterious form and do not become extremely didactic. This can be considered as a productive challenge.<\/p>\n<p><\/p>\n\n\n<figure class=\"wp-block-image size-large\"><img loading=\"lazy\" decoding=\"async\" width=\"1680\" height=\"1260\" src=\"https:\/\/www.melisgolar.com\/wp-content\/uploads\/2020\/04\/img-2781.jpg\" alt=\"\" class=\"wp-image-567\" srcset=\"https:\/\/www.melisgolar.com\/wp-content\/uploads\/2020\/04\/img-2781.jpg 1680w, https:\/\/www.melisgolar.com\/wp-content\/uploads\/2020\/04\/img-2781-768x576.jpg 768w, https:\/\/www.melisgolar.com\/wp-content\/uploads\/2020\/04\/img-2781-1536x1152.jpg 1536w\" sizes=\"auto, (max-width: 1680px) 100vw, 1680px\" \/><figcaption>left to right: <em>Ozan Bilginer, Seval \u015eener, Havva Altun, Asl\u0131 I\u015f\u0131ksal, Funda Susamo\u011flu<\/em><\/figcaption><\/figure>\n","protected":false},"excerpt":{"rendered":"<p>Havva Altun \/ Ozan Bilginer \/ Asl\u0131 I\u015f\u0131ksal \/ Funda Susamo\u011flu \/ Seval \u015eener 08.06.2018 \u2013 09.07.2018 Galeri Siyah Beyaz<\/p>\n","protected":false},"author":1,"featured_media":525,"comment_status":"closed","ping_status":"closed","sticky":false,"template":"","format":"standard","meta":{"footnotes":""},"categories":[16],"tags":[],"class_list":["post-261","post","type-post","status-publish","format-standard","has-post-thumbnail","hentry","category-roportajlar"],"yoast_head":"<!-- This site is optimized with the Yoast SEO plugin v25.6 - https:\/\/yoast.com\/wordpress\/plugins\/seo\/ -->\n<title>Stronger Than I Am<\/title>\n<meta name=\"description\" content=\"https:\/\/www.melisgolar.com\/?p=261\" \/>\n<meta name=\"robots\" content=\"index, follow, max-snippet:-1, max-image-preview:large, max-video-preview:-1\" \/>\n<link rel=\"canonical\" href=\"https:\/\/www.melisgolar.com\/en\/benden-guclu\/\" \/>\n<meta property=\"og:locale\" content=\"en_US\" \/>\n<meta property=\"og:locale:alternate\" content=\"tr_TR\" \/>\n<meta property=\"og:type\" content=\"article\" \/>\n<meta property=\"og:title\" content=\"Stronger Than I Am\" \/>\n<meta property=\"og:description\" content=\"Havva Altun \/ Ozan Bilginer \/ Asl\u0131 I\u015f\u0131ksal \/ Funda Susamo\u011flu \/ Seval \u015eener 08.06.2018 \u2013 09.07.2018 Galeri Siyah Beyaz\" \/>\n<meta property=\"og:url\" content=\"https:\/\/www.melisgolar.com\/en\/benden-guclu\/\" \/>\n<meta property=\"og:site_name\" content=\"Melis Golar\" \/>\n<meta property=\"article:published_time\" content=\"2018-06-08T18:57:00+00:00\" \/>\n<meta property=\"article:modified_time\" content=\"2020-04-29T10:03:23+00:00\" \/>\n<meta property=\"og:image\" content=\"https:\/\/www.melisgolar.com\/wp-content\/uploads\/2017\/07\/243a9420-e1534888989520.jpg\" \/>\n\t<meta property=\"og:image:width\" content=\"1680\" \/>\n\t<meta property=\"og:image:height\" content=\"1119\" \/>\n\t<meta property=\"og:image:type\" content=\"image\/jpeg\" \/>\n<meta name=\"author\" content=\"admin\" \/>\n<meta name=\"twitter:card\" content=\"summary_large_image\" \/>\n<meta name=\"twitter:label1\" content=\"Written by\" \/>\n\t<meta name=\"twitter:data1\" content=\"admin\" \/>\n\t<meta name=\"twitter:label2\" content=\"Est. reading time\" \/>\n\t<meta name=\"twitter:data2\" content=\"7 minutes\" \/>\n<script type=\"application\/ld+json\" class=\"yoast-schema-graph\">{\"@context\":\"https:\/\/schema.org\",\"@graph\":[{\"@type\":\"WebPage\",\"@id\":\"https:\/\/www.melisgolar.com\/en\/benden-guclu\/\",\"url\":\"https:\/\/www.melisgolar.com\/en\/benden-guclu\/\",\"name\":\"Stronger Than I Am\",\"isPartOf\":{\"@id\":\"https:\/\/www.melisgolar.com\/#website\"},\"primaryImageOfPage\":{\"@id\":\"https:\/\/www.melisgolar.com\/en\/benden-guclu\/#primaryimage\"},\"image\":{\"@id\":\"https:\/\/www.melisgolar.com\/en\/benden-guclu\/#primaryimage\"},\"thumbnailUrl\":\"https:\/\/www.melisgolar.com\/wp-content\/uploads\/2017\/07\/243a9420-e1534888989520.jpg\",\"datePublished\":\"2018-06-08T18:57:00+00:00\",\"dateModified\":\"2020-04-29T10:03:23+00:00\",\"author\":{\"@id\":\"https:\/\/www.melisgolar.com\/#\/schema\/person\/de2e803b5d438b3a9c6424dd5dacea1c\"},\"breadcrumb\":{\"@id\":\"https:\/\/www.melisgolar.com\/en\/benden-guclu\/#breadcrumb\"},\"inLanguage\":\"en-US\",\"potentialAction\":[{\"@type\":\"ReadAction\",\"target\":[\"https:\/\/www.melisgolar.com\/en\/benden-guclu\/\"]}]},{\"@type\":\"ImageObject\",\"inLanguage\":\"en-US\",\"@id\":\"https:\/\/www.melisgolar.com\/en\/benden-guclu\/#primaryimage\",\"url\":\"https:\/\/www.melisgolar.com\/wp-content\/uploads\/2017\/07\/243a9420-e1534888989520.jpg\",\"contentUrl\":\"https:\/\/www.melisgolar.com\/wp-content\/uploads\/2017\/07\/243a9420-e1534888989520.jpg\",\"width\":1680,\"height\":1119},{\"@type\":\"BreadcrumbList\",\"@id\":\"https:\/\/www.melisgolar.com\/en\/benden-guclu\/#breadcrumb\",\"itemListElement\":[{\"@type\":\"ListItem\",\"position\":1,\"name\":\"Home\",\"item\":\"https:\/\/www.melisgolar.com\/\"},{\"@type\":\"ListItem\",\"position\":2,\"name\":\"Benden G\u00fc\u00e7l\u00fc\"}]},{\"@type\":\"WebSite\",\"@id\":\"https:\/\/www.melisgolar.com\/#website\",\"url\":\"https:\/\/www.melisgolar.com\/\",\"name\":\"Melis Golar\",\"description\":\"Melis Golar\",\"potentialAction\":[{\"@type\":\"SearchAction\",\"target\":{\"@type\":\"EntryPoint\",\"urlTemplate\":\"https:\/\/www.melisgolar.com\/?s={search_term_string}\"},\"query-input\":{\"@type\":\"PropertyValueSpecification\",\"valueRequired\":true,\"valueName\":\"search_term_string\"}}],\"inLanguage\":\"en-US\"},{\"@type\":\"Person\",\"@id\":\"https:\/\/www.melisgolar.com\/#\/schema\/person\/de2e803b5d438b3a9c6424dd5dacea1c\",\"name\":\"admin\",\"image\":{\"@type\":\"ImageObject\",\"inLanguage\":\"en-US\",\"@id\":\"https:\/\/www.melisgolar.com\/#\/schema\/person\/image\/\",\"url\":\"https:\/\/secure.gravatar.com\/avatar\/dfbe0ddc232920ae4721bb02de9bcb944f25af50318470eaedaa22c209e1da24?s=96&d=mm&r=g\",\"contentUrl\":\"https:\/\/secure.gravatar.com\/avatar\/dfbe0ddc232920ae4721bb02de9bcb944f25af50318470eaedaa22c209e1da24?s=96&d=mm&r=g\",\"caption\":\"admin\"},\"sameAs\":[\"https:\/\/www.melisgolar.com\"]}]}<\/script>\n<!-- \/ Yoast SEO plugin. -->","yoast_head_json":{"title":"Stronger Than I Am","description":"https:\/\/www.melisgolar.com\/?p=261","robots":{"index":"index","follow":"follow","max-snippet":"max-snippet:-1","max-image-preview":"max-image-preview:large","max-video-preview":"max-video-preview:-1"},"canonical":"https:\/\/www.melisgolar.com\/en\/benden-guclu\/","og_locale":"en_US","og_type":"article","og_title":"[:tr]Benden G\u00fc\u00e7l\u00fc[:en]Stronger Than I Am[:] - Melis Golar","og_description":"Havva Altun \/ Ozan Bilginer \/ Asl\u0131 I\u015f\u0131ksal \/ Funda Susamo\u011flu \/ Seval \u015eener 08.06.2018 \u2013 09.07.2018 Galeri Siyah Beyaz","og_url":"https:\/\/www.melisgolar.com\/en\/benden-guclu\/","og_site_name":"Melis Golar","article_published_time":"2018-06-08T18:57:00+00:00","article_modified_time":"2020-04-29T10:03:23+00:00","og_image":[{"width":1680,"height":1119,"url":"https:\/\/www.melisgolar.com\/wp-content\/uploads\/2017\/07\/243a9420-e1534888989520.jpg","type":"image\/jpeg"}],"author":"admin","twitter_card":"summary_large_image","twitter_misc":{"Written by":"admin","Est. reading time":"7 minutes"},"schema":{"@context":"https:\/\/schema.org","@graph":[{"@type":"WebPage","@id":"https:\/\/www.melisgolar.com\/en\/benden-guclu\/","url":"https:\/\/www.melisgolar.com\/en\/benden-guclu\/","name":"Stronger Than I Am","isPartOf":{"@id":"https:\/\/www.melisgolar.com\/#website"},"primaryImageOfPage":{"@id":"https:\/\/www.melisgolar.com\/en\/benden-guclu\/#primaryimage"},"image":{"@id":"https:\/\/www.melisgolar.com\/en\/benden-guclu\/#primaryimage"},"thumbnailUrl":"https:\/\/www.melisgolar.com\/wp-content\/uploads\/2017\/07\/243a9420-e1534888989520.jpg","datePublished":"2018-06-08T18:57:00+00:00","dateModified":"2020-04-29T10:03:23+00:00","author":{"@id":"https:\/\/www.melisgolar.com\/#\/schema\/person\/de2e803b5d438b3a9c6424dd5dacea1c"},"breadcrumb":{"@id":"https:\/\/www.melisgolar.com\/en\/benden-guclu\/#breadcrumb"},"inLanguage":"en-US","potentialAction":[{"@type":"ReadAction","target":["https:\/\/www.melisgolar.com\/en\/benden-guclu\/"]}]},{"@type":"ImageObject","inLanguage":"en-US","@id":"https:\/\/www.melisgolar.com\/en\/benden-guclu\/#primaryimage","url":"https:\/\/www.melisgolar.com\/wp-content\/uploads\/2017\/07\/243a9420-e1534888989520.jpg","contentUrl":"https:\/\/www.melisgolar.com\/wp-content\/uploads\/2017\/07\/243a9420-e1534888989520.jpg","width":1680,"height":1119},{"@type":"BreadcrumbList","@id":"https:\/\/www.melisgolar.com\/en\/benden-guclu\/#breadcrumb","itemListElement":[{"@type":"ListItem","position":1,"name":"Home","item":"https:\/\/www.melisgolar.com\/"},{"@type":"ListItem","position":2,"name":"Benden G\u00fc\u00e7l\u00fc"}]},{"@type":"WebSite","@id":"https:\/\/www.melisgolar.com\/#website","url":"https:\/\/www.melisgolar.com\/","name":"Melis Golar","description":"Melis Golar","potentialAction":[{"@type":"SearchAction","target":{"@type":"EntryPoint","urlTemplate":"https:\/\/www.melisgolar.com\/?s={search_term_string}"},"query-input":{"@type":"PropertyValueSpecification","valueRequired":true,"valueName":"search_term_string"}}],"inLanguage":"en-US"},{"@type":"Person","@id":"https:\/\/www.melisgolar.com\/#\/schema\/person\/de2e803b5d438b3a9c6424dd5dacea1c","name":"admin","image":{"@type":"ImageObject","inLanguage":"en-US","@id":"https:\/\/www.melisgolar.com\/#\/schema\/person\/image\/","url":"https:\/\/secure.gravatar.com\/avatar\/dfbe0ddc232920ae4721bb02de9bcb944f25af50318470eaedaa22c209e1da24?s=96&d=mm&r=g","contentUrl":"https:\/\/secure.gravatar.com\/avatar\/dfbe0ddc232920ae4721bb02de9bcb944f25af50318470eaedaa22c209e1da24?s=96&d=mm&r=g","caption":"admin"},"sameAs":["https:\/\/www.melisgolar.com"]}]}},"_links":{"self":[{"href":"https:\/\/www.melisgolar.com\/en\/wp-json\/wp\/v2\/posts\/261","targetHints":{"allow":["GET"]}}],"collection":[{"href":"https:\/\/www.melisgolar.com\/en\/wp-json\/wp\/v2\/posts"}],"about":[{"href":"https:\/\/www.melisgolar.com\/en\/wp-json\/wp\/v2\/types\/post"}],"author":[{"embeddable":true,"href":"https:\/\/www.melisgolar.com\/en\/wp-json\/wp\/v2\/users\/1"}],"replies":[{"embeddable":true,"href":"https:\/\/www.melisgolar.com\/en\/wp-json\/wp\/v2\/comments?post=261"}],"version-history":[{"count":23,"href":"https:\/\/www.melisgolar.com\/en\/wp-json\/wp\/v2\/posts\/261\/revisions"}],"predecessor-version":[{"id":718,"href":"https:\/\/www.melisgolar.com\/en\/wp-json\/wp\/v2\/posts\/261\/revisions\/718"}],"wp:featuredmedia":[{"embeddable":true,"href":"https:\/\/www.melisgolar.com\/en\/wp-json\/wp\/v2\/media\/525"}],"wp:attachment":[{"href":"https:\/\/www.melisgolar.com\/en\/wp-json\/wp\/v2\/media?parent=261"}],"wp:term":[{"taxonomy":"category","embeddable":true,"href":"https:\/\/www.melisgolar.com\/en\/wp-json\/wp\/v2\/categories?post=261"},{"taxonomy":"post_tag","embeddable":true,"href":"https:\/\/www.melisgolar.com\/en\/wp-json\/wp\/v2\/tags?post=261"}],"curies":[{"name":"wp","href":"https:\/\/api.w.org\/{rel}","templated":true}]}}